{"id":2809,"date":"2026-01-27T08:00:26","date_gmt":"2026-01-27T07:00:26","guid":{"rendered":"https:\/\/basecampvega.no\/?p=2809"},"modified":"2026-01-27T12:44:37","modified_gmt":"2026-01-27T11:44:37","slug":"alt-opptatt-19-til-21-juni-da-arrangerer-vi-bryllup-pa-basecampen","status":"publish","type":"post","link":"https:\/\/basecampvega.no\/en\/aktuelt\/alt-opptatt-19-til-21-juni-da-arrangerer-vi-bryllup-pa-basecampen\/","title":{"rendered":"Alt opptatt 19. til 21. juni &#8211; da arrangerer vi bryllup p\u00e5 basecampen!"},"content":{"rendered":"<div data-elementor-type=\"wp-post\" data-elementor-id=\"2809\" class=\"elementor elementor-2809\" data-elementor-post-type=\"post\">\n\t\t\t\t<div class=\"elementor-element elementor-element-5fd6ffc2 e-con-full e-flex e-con e-parent\" data-id=\"5fd6ffc2\" data-element_type=\"container\" data-e-type=\"container\">\n\t\t\t\t<div class=\"elementor-element elementor-element-115acc81 elementor-widget elementor-widget-text-editor\" data-id=\"115acc81\" data-element_type=\"widget\" data-e-type=\"widget\" data-widget_type=\"text-editor.default\">\n\t\t\t\t<div class=\"elementor-widget-container\">\n\t\t\t\t\t\t\t\t\t<p><img decoding=\"async\" class=\"alignleft\" src=\"https:\/\/t1.pixers.pics\/img-1fb6f67c\/klistremerker-bryllupsseremoni-brud-og-brudgom-sammen-for-design.jpg?H4sIAAAAAAAAA3VOW27EIAy8DpGysQnvHGB_9wgRIbCleQpot-rpS1T1s7JGtkcez8DHnm3w4PxefIItzvPqIcS1bnlIPsdvT7BVyJuhsitBxGY4Pn1y6TjJTev2gjL9hWZ42SrcbFrIWylnHgAy6874Vb_V5jK4LUOPVAFKEEZIip4LY5COu13WenlbXnZOtnTn_mzxquYvB0ds-eVfUtxIDXRUq0Lez2cD_9j9zlBVcH8Ao8B7UAyUuKjx_mCU94opMU5OOjkFpJR5ZmWYNXNqsooZ5nTQoasuP8WMfqktAQAA\" alt=\"Bryllupsseremoni - brud og brudgom sammen for design - PIXERS.NO\" width=\"64\" height=\"63\" \/><\/p><h2 class=\"wp-block-heading\">Vi har igjen gleden av \u00e5 arrangere bryllup hos oss \ud83d\ude42<\/h2><h4 class=\"wp-block-heading\"><span style=\"color: #000000;\">Ogs\u00e5 denne sommeren har vi gleden av \u00e5 arrangere bryllup p\u00e5 Base Camp Vega. Bryllupsdatoen er l\u00f8rdag 20. juni og hele basecampen er dermed opptatt hele helgen fra fredag 19. juni. <\/span><\/h4><h4 class=\"wp-block-heading\"><span style=\"color: #000000;\">Vi gleder oss!<\/span><\/h4><p><!-- \/wp:paragraph --><\/p>\t\t\t\t\t\t\t\t<\/div>\n\t\t\t\t<\/div>\n\t\t\t\t<\/div>\n\t\t\t\t<\/div>","protected":false},"excerpt":{"rendered":"<p>May Britt og Jonas har lagt bryllupsfeiringen til oss! <\/p>","protected":false},"author":4,"featured_media":2819,"comment_status":"closed","ping_status":"closed","sticky":false,"template":"","format":"standard","meta":{"footnotes":""},"categories":[1],"tags":[],"class_list":["post-2809","post","type-post","status-publish","format-standard","has-post-thumbnail","hentry","category-aktuelt"],"yoast_head":"<!-- This site is optimized with the Yoast SEO plugin v27.3 - https:\/\/yoast.com\/product\/yoast-seo-wordpress\/ -->\n<title>Ravnen Pub og Spiseri | Restaurant p\u00e5 Vega med utsikt<\/title>\n<meta name=\"description\" content=\"Spis lokalt p\u00e5 Ravnen Pub &amp; Spiseri \u2013 frokost, lunsj og middag i sjarmerende omgivelser med havutsikt. Perfekt for b\u00e5de turfolk og selskaper.\" \/>\n<meta name=\"robots\" content=\"index, follow, max-snippet:-1, max-image-preview:large, max-video-preview:-1\" \/>\n<link rel=\"canonical\" href=\"https:\/\/basecampvega.no\/en\/news\/alt-opptatt-19-til-21-juni-da-arrangerer-vi-bryllup-pa-basecampen\/\" \/>\n<meta property=\"og:locale\" content=\"en_GB\" \/>\n<meta property=\"og:type\" content=\"article\" \/>\n<meta property=\"og:title\" content=\"Ravnen Pub og Spiseri | Restaurant p\u00e5 Vega med utsikt\" \/>\n<meta property=\"og:description\" content=\"Spis lokalt p\u00e5 Ravnen Pub &amp; Spiseri \u2013 frokost, lunsj og middag i sjarmerende omgivelser med havutsikt. Perfekt for b\u00e5de turfolk og selskaper.\" \/>\n<meta property=\"og:url\" content=\"https:\/\/basecampvega.no\/en\/news\/alt-opptatt-19-til-21-juni-da-arrangerer-vi-bryllup-pa-basecampen\/\" \/>\n<meta property=\"og:site_name\" content=\"Base Camp Vega\" \/>\n<meta property=\"article:published_time\" content=\"2026-01-27T07:00:26+00:00\" \/>\n<meta property=\"article:modified_time\" content=\"2026-01-27T11:44:37+00:00\" \/>\n<meta property=\"og:image\" content=\"https:\/\/basecampvega.no\/wp-content\/uploads\/2026\/01\/P1010487-scaled.jpg\" \/>\n\t<meta property=\"og:image:width\" content=\"1536\" \/>\n\t<meta property=\"og:image:height\" content=\"2048\" \/>\n\t<meta property=\"og:image:type\" content=\"image\/jpeg\" \/>\n<meta name=\"author\" content=\"Stig S\u00e6ther\" \/>\n<meta name=\"twitter:card\" content=\"summary_large_image\" \/>\n<meta name=\"twitter:label1\" content=\"Written by\" \/>\n\t<meta name=\"twitter:data1\" content=\"Stig S\u00e6ther\" \/>\n\t<meta name=\"twitter:label2\" content=\"Estimated reading time\" \/>\n\t<meta name=\"twitter:data2\" content=\"1 minute\" \/>\n<script type=\"application\/ld+json\" class=\"yoast-schema-graph\">{\"@context\":\"https:\\\/\\\/schema.org\",\"@graph\":[{\"@type\":\"Article\",\"@id\":\"https:\\\/\\\/basecampvega.no\\\/aktuelt\\\/alt-opptatt-19-til-21-juni-da-arrangerer-vi-bryllup-pa-basecampen\\\/#article\",\"isPartOf\":{\"@id\":\"https:\\\/\\\/basecampvega.no\\\/aktuelt\\\/alt-opptatt-19-til-21-juni-da-arrangerer-vi-bryllup-pa-basecampen\\\/\"},\"author\":{\"name\":\"Stig S\u00e6ther\",\"@id\":\"https:\\\/\\\/www.basecampvega.no\\\/#\\\/schema\\\/person\\\/d9e06d969fd153069cc83c71077b3719\"},\"headline\":\"Alt opptatt 19. til 21. juni &#8211; da arrangerer vi bryllup p\u00e5 basecampen!\",\"datePublished\":\"2026-01-27T07:00:26+00:00\",\"dateModified\":\"2026-01-27T11:44:37+00:00\",\"mainEntityOfPage\":{\"@id\":\"https:\\\/\\\/basecampvega.no\\\/aktuelt\\\/alt-opptatt-19-til-21-juni-da-arrangerer-vi-bryllup-pa-basecampen\\\/\"},\"wordCount\":52,\"publisher\":{\"@id\":\"https:\\\/\\\/www.basecampvega.no\\\/#organization\"},\"image\":{\"@id\":\"https:\\\/\\\/basecampvega.no\\\/aktuelt\\\/alt-opptatt-19-til-21-juni-da-arrangerer-vi-bryllup-pa-basecampen\\\/#primaryimage\"},\"thumbnailUrl\":\"https:\\\/\\\/basecampvega.no\\\/wp-content\\\/uploads\\\/2026\\\/01\\\/P1010487-scaled.jpg\",\"articleSection\":[\"Aktuelt\"],\"inLanguage\":\"en-GB\"},{\"@type\":\"WebPage\",\"@id\":\"https:\\\/\\\/basecampvega.no\\\/aktuelt\\\/alt-opptatt-19-til-21-juni-da-arrangerer-vi-bryllup-pa-basecampen\\\/\",\"url\":\"https:\\\/\\\/basecampvega.no\\\/aktuelt\\\/alt-opptatt-19-til-21-juni-da-arrangerer-vi-bryllup-pa-basecampen\\\/\",\"name\":\"Ravnen Pub og Spiseri | Restaurant p\u00e5 Vega med utsikt\",\"isPartOf\":{\"@id\":\"https:\\\/\\\/www.basecampvega.no\\\/#website\"},\"primaryImageOfPage\":{\"@id\":\"https:\\\/\\\/basecampvega.no\\\/aktuelt\\\/alt-opptatt-19-til-21-juni-da-arrangerer-vi-bryllup-pa-basecampen\\\/#primaryimage\"},\"image\":{\"@id\":\"https:\\\/\\\/basecampvega.no\\\/aktuelt\\\/alt-opptatt-19-til-21-juni-da-arrangerer-vi-bryllup-pa-basecampen\\\/#primaryimage\"},\"thumbnailUrl\":\"https:\\\/\\\/basecampvega.no\\\/wp-content\\\/uploads\\\/2026\\\/01\\\/P1010487-scaled.jpg\",\"datePublished\":\"2026-01-27T07:00:26+00:00\",\"dateModified\":\"2026-01-27T11:44:37+00:00\",\"description\":\"Spis lokalt p\u00e5 Ravnen Pub & Spiseri \u2013 frokost, lunsj og middag i sjarmerende omgivelser med havutsikt. Perfekt for b\u00e5de turfolk og selskaper.\",\"breadcrumb\":{\"@id\":\"https:\\\/\\\/basecampvega.no\\\/aktuelt\\\/alt-opptatt-19-til-21-juni-da-arrangerer-vi-bryllup-pa-basecampen\\\/#breadcrumb\"},\"inLanguage\":\"en-GB\",\"potentialAction\":[{\"@type\":\"ReadAction\",\"target\":[\"https:\\\/\\\/basecampvega.no\\\/aktuelt\\\/alt-opptatt-19-til-21-juni-da-arrangerer-vi-bryllup-pa-basecampen\\\/\"]}]},{\"@type\":\"ImageObject\",\"inLanguage\":\"en-GB\",\"@id\":\"https:\\\/\\\/basecampvega.no\\\/aktuelt\\\/alt-opptatt-19-til-21-juni-da-arrangerer-vi-bryllup-pa-basecampen\\\/#primaryimage\",\"url\":\"https:\\\/\\\/basecampvega.no\\\/wp-content\\\/uploads\\\/2026\\\/01\\\/P1010487-scaled.jpg\",\"contentUrl\":\"https:\\\/\\\/basecampvega.no\\\/wp-content\\\/uploads\\\/2026\\\/01\\\/P1010487-scaled.jpg\",\"width\":1536,\"height\":2048,\"caption\":\"OLYMPUS DIGITAL CAMERA\"},{\"@type\":\"BreadcrumbList\",\"@id\":\"https:\\\/\\\/basecampvega.no\\\/aktuelt\\\/alt-opptatt-19-til-21-juni-da-arrangerer-vi-bryllup-pa-basecampen\\\/#breadcrumb\",\"itemListElement\":[{\"@type\":\"ListItem\",\"position\":1,\"name\":\"Hjem\",\"item\":\"https:\\\/\\\/basecampvega.no\\\/\"},{\"@type\":\"ListItem\",\"position\":2,\"name\":\"Alt opptatt 19. til 21. juni &#8211; da arrangerer vi bryllup p\u00e5 basecampen!\"}]},{\"@type\":\"WebSite\",\"@id\":\"https:\\\/\\\/www.basecampvega.no\\\/#website\",\"url\":\"https:\\\/\\\/www.basecampvega.no\\\/\",\"name\":\"Base Camp Vega\",\"description\":\"Overnatting og aktiviteter p\u00e5 Vega\",\"publisher\":{\"@id\":\"https:\\\/\\\/www.basecampvega.no\\\/#organization\"},\"potentialAction\":[{\"@type\":\"SearchAction\",\"target\":{\"@type\":\"EntryPoint\",\"urlTemplate\":\"https:\\\/\\\/www.basecampvega.no\\\/?s={search_term_string}\"},\"query-input\":{\"@type\":\"PropertyValueSpecification\",\"valueRequired\":true,\"valueName\":\"search_term_string\"}}],\"inLanguage\":\"en-GB\"},{\"@type\":\"Organization\",\"@id\":\"https:\\\/\\\/www.basecampvega.no\\\/#organization\",\"name\":\"Base Camp Vega\",\"url\":\"https:\\\/\\\/www.basecampvega.no\\\/\",\"logo\":{\"@type\":\"ImageObject\",\"inLanguage\":\"en-GB\",\"@id\":\"https:\\\/\\\/www.basecampvega.no\\\/#\\\/schema\\\/logo\\\/image\\\/\",\"url\":\"https:\\\/\\\/basecampvega.no\\\/wp-content\\\/uploads\\\/2024\\\/04\\\/logobasecamp-scaled.png\",\"contentUrl\":\"https:\\\/\\\/basecampvega.no\\\/wp-content\\\/uploads\\\/2024\\\/04\\\/logobasecamp-scaled.png\",\"width\":2048,\"height\":2048,\"caption\":\"Base Camp Vega\"},\"image\":{\"@id\":\"https:\\\/\\\/www.basecampvega.no\\\/#\\\/schema\\\/logo\\\/image\\\/\"}},{\"@type\":\"Person\",\"@id\":\"https:\\\/\\\/www.basecampvega.no\\\/#\\\/schema\\\/person\\\/d9e06d969fd153069cc83c71077b3719\",\"name\":\"Stig S\u00e6ther\",\"image\":{\"@type\":\"ImageObject\",\"inLanguage\":\"en-GB\",\"@id\":\"https:\\\/\\\/secure.gravatar.com\\\/avatar\\\/4cdfbe95b9849e741384cc62cbec1cdb10590d470b349a982ffe5b2d591fc3e7?s=96&d=mm&r=g\",\"url\":\"https:\\\/\\\/secure.gravatar.com\\\/avatar\\\/4cdfbe95b9849e741384cc62cbec1cdb10590d470b349a982ffe5b2d591fc3e7?s=96&d=mm&r=g\",\"contentUrl\":\"https:\\\/\\\/secure.gravatar.com\\\/avatar\\\/4cdfbe95b9849e741384cc62cbec1cdb10590d470b349a982ffe5b2d591fc3e7?s=96&d=mm&r=g\",\"caption\":\"Stig S\u00e6ther\"},\"url\":\"https:\\\/\\\/basecampvega.no\\\/en\\\/author\\\/stig\\\/\"}]}<\/script>\n<!-- \/ Yoast SEO plugin. -->","yoast_head_json":{"title":"Ravnen Pub og Spiseri | Restaurant p\u00e5 Vega med utsikt","description":"Enjoy breakfast, lunch, and dinner at Ravnen Pub &amp; Spiseri, offering local flavors and a warm atmosphere with stunning sea views.","robots":{"index":"index","follow":"follow","max-snippet":"max-snippet:-1","max-image-preview":"max-image-preview:large","max-video-preview":"max-video-preview:-1"},"canonical":"https:\/\/basecampvega.no\/en\/news\/alt-opptatt-19-til-21-juni-da-arrangerer-vi-bryllup-pa-basecampen\/","og_locale":"en_GB","og_type":"article","og_title":"Ravnen Pub og Spiseri | Restaurant p\u00e5 Vega med utsikt","og_description":"Spis lokalt p\u00e5 Ravnen Pub & Spiseri \u2013 frokost, lunsj og middag i sjarmerende omgivelser med havutsikt. Perfekt for b\u00e5de turfolk og selskaper.","og_url":"https:\/\/basecampvega.no\/en\/news\/alt-opptatt-19-til-21-juni-da-arrangerer-vi-bryllup-pa-basecampen\/","og_site_name":"Base Camp Vega","article_published_time":"2026-01-27T07:00:26+00:00","article_modified_time":"2026-01-27T11:44:37+00:00","og_image":[{"width":1536,"height":2048,"url":"https:\/\/basecampvega.no\/wp-content\/uploads\/2026\/01\/P1010487-scaled.jpg","type":"image\/jpeg"}],"author":"Stig S\u00e6ther","twitter_card":"summary_large_image","twitter_misc":{"Written by":"Stig S\u00e6ther","Estimated reading time":"1 minute"},"schema":{"@context":"https:\/\/schema.org","@graph":[{"@type":"Article","@id":"https:\/\/basecampvega.no\/aktuelt\/alt-opptatt-19-til-21-juni-da-arrangerer-vi-bryllup-pa-basecampen\/#article","isPartOf":{"@id":"https:\/\/basecampvega.no\/aktuelt\/alt-opptatt-19-til-21-juni-da-arrangerer-vi-bryllup-pa-basecampen\/"},"author":{"name":"Stig S\u00e6ther","@id":"https:\/\/www.basecampvega.no\/#\/schema\/person\/d9e06d969fd153069cc83c71077b3719"},"headline":"Alt opptatt 19. til 21. juni &#8211; da arrangerer vi bryllup p\u00e5 basecampen!","datePublished":"2026-01-27T07:00:26+00:00","dateModified":"2026-01-27T11:44:37+00:00","mainEntityOfPage":{"@id":"https:\/\/basecampvega.no\/aktuelt\/alt-opptatt-19-til-21-juni-da-arrangerer-vi-bryllup-pa-basecampen\/"},"wordCount":52,"publisher":{"@id":"https:\/\/www.basecampvega.no\/#organization"},"image":{"@id":"https:\/\/basecampvega.no\/aktuelt\/alt-opptatt-19-til-21-juni-da-arrangerer-vi-bryllup-pa-basecampen\/#primaryimage"},"thumbnailUrl":"https:\/\/basecampvega.no\/wp-content\/uploads\/2026\/01\/P1010487-scaled.jpg","articleSection":["Aktuelt"],"inLanguage":"en-GB"},{"@type":"WebPage","@id":"https:\/\/basecampvega.no\/aktuelt\/alt-opptatt-19-til-21-juni-da-arrangerer-vi-bryllup-pa-basecampen\/","url":"https:\/\/basecampvega.no\/aktuelt\/alt-opptatt-19-til-21-juni-da-arrangerer-vi-bryllup-pa-basecampen\/","name":"Ravnen Pub og Spiseri | Restaurant p\u00e5 Vega med utsikt","isPartOf":{"@id":"https:\/\/www.basecampvega.no\/#website"},"primaryImageOfPage":{"@id":"https:\/\/basecampvega.no\/aktuelt\/alt-opptatt-19-til-21-juni-da-arrangerer-vi-bryllup-pa-basecampen\/#primaryimage"},"image":{"@id":"https:\/\/basecampvega.no\/aktuelt\/alt-opptatt-19-til-21-juni-da-arrangerer-vi-bryllup-pa-basecampen\/#primaryimage"},"thumbnailUrl":"https:\/\/basecampvega.no\/wp-content\/uploads\/2026\/01\/P1010487-scaled.jpg","datePublished":"2026-01-27T07:00:26+00:00","dateModified":"2026-01-27T11:44:37+00:00","description":"Enjoy breakfast, lunch, and dinner at Ravnen Pub &amp; Spiseri, offering local flavors and a warm atmosphere with stunning sea views.","breadcrumb":{"@id":"https:\/\/basecampvega.no\/aktuelt\/alt-opptatt-19-til-21-juni-da-arrangerer-vi-bryllup-pa-basecampen\/#breadcrumb"},"inLanguage":"en-GB","potentialAction":[{"@type":"ReadAction","target":["https:\/\/basecampvega.no\/aktuelt\/alt-opptatt-19-til-21-juni-da-arrangerer-vi-bryllup-pa-basecampen\/"]}]},{"@type":"ImageObject","inLanguage":"en-GB","@id":"https:\/\/basecampvega.no\/aktuelt\/alt-opptatt-19-til-21-juni-da-arrangerer-vi-bryllup-pa-basecampen\/#primaryimage","url":"https:\/\/basecampvega.no\/wp-content\/uploads\/2026\/01\/P1010487-scaled.jpg","contentUrl":"https:\/\/basecampvega.no\/wp-content\/uploads\/2026\/01\/P1010487-scaled.jpg","width":1536,"height":2048,"caption":"OLYMPUS DIGITAL CAMERA"},{"@type":"BreadcrumbList","@id":"https:\/\/basecampvega.no\/aktuelt\/alt-opptatt-19-til-21-juni-da-arrangerer-vi-bryllup-pa-basecampen\/#breadcrumb","itemListElement":[{"@type":"ListItem","position":1,"name":"Hjem","item":"https:\/\/basecampvega.no\/"},{"@type":"ListItem","position":2,"name":"Alt opptatt 19. til 21. juni &#8211; da arrangerer vi bryllup p\u00e5 basecampen!"}]},{"@type":"WebSite","@id":"https:\/\/www.basecampvega.no\/#website","url":"https:\/\/www.basecampvega.no\/","name":"Base Camp Vega","description":"Overnatting og aktiviteter p\u00e5 Vega","publisher":{"@id":"https:\/\/www.basecampvega.no\/#organization"},"potentialAction":[{"@type":"SearchAction","target":{"@type":"EntryPoint","urlTemplate":"https:\/\/www.basecampvega.no\/?s={search_term_string}"},"query-input":{"@type":"PropertyValueSpecification","valueRequired":true,"valueName":"search_term_string"}}],"inLanguage":"en-GB"},{"@type":"Organization","@id":"https:\/\/www.basecampvega.no\/#organization","name":"Base Camp Vega","url":"https:\/\/www.basecampvega.no\/","logo":{"@type":"ImageObject","inLanguage":"en-GB","@id":"https:\/\/www.basecampvega.no\/#\/schema\/logo\/image\/","url":"https:\/\/basecampvega.no\/wp-content\/uploads\/2024\/04\/logobasecamp-scaled.png","contentUrl":"https:\/\/basecampvega.no\/wp-content\/uploads\/2024\/04\/logobasecamp-scaled.png","width":2048,"height":2048,"caption":"Base Camp Vega"},"image":{"@id":"https:\/\/www.basecampvega.no\/#\/schema\/logo\/image\/"}},{"@type":"Person","@id":"https:\/\/www.basecampvega.no\/#\/schema\/person\/d9e06d969fd153069cc83c71077b3719","name":"Stig S\u00e6ther","image":{"@type":"ImageObject","inLanguage":"en-GB","@id":"https:\/\/secure.gravatar.com\/avatar\/4cdfbe95b9849e741384cc62cbec1cdb10590d470b349a982ffe5b2d591fc3e7?s=96&d=mm&r=g","url":"https:\/\/secure.gravatar.com\/avatar\/4cdfbe95b9849e741384cc62cbec1cdb10590d470b349a982ffe5b2d591fc3e7?s=96&d=mm&r=g","contentUrl":"https:\/\/secure.gravatar.com\/avatar\/4cdfbe95b9849e741384cc62cbec1cdb10590d470b349a982ffe5b2d591fc3e7?s=96&d=mm&r=g","caption":"Stig S\u00e6ther"},"url":"https:\/\/basecampvega.no\/en\/author\/stig\/"}]}},"_links":{"self":[{"href":"https:\/\/basecampvega.no\/en\/wp-json\/wp\/v2\/posts\/2809","targetHints":{"allow":["GET"]}}],"collection":[{"href":"https:\/\/basecampvega.no\/en\/wp-json\/wp\/v2\/posts"}],"about":[{"href":"https:\/\/basecampvega.no\/en\/wp-json\/wp\/v2\/types\/post"}],"author":[{"embeddable":true,"href":"https:\/\/basecampvega.no\/en\/wp-json\/wp\/v2\/users\/4"}],"replies":[{"embeddable":true,"href":"https:\/\/basecampvega.no\/en\/wp-json\/wp\/v2\/comments?post=2809"}],"version-history":[{"count":5,"href":"https:\/\/basecampvega.no\/en\/wp-json\/wp\/v2\/posts\/2809\/revisions"}],"predecessor-version":[{"id":2831,"href":"https:\/\/basecampvega.no\/en\/wp-json\/wp\/v2\/posts\/2809\/revisions\/2831"}],"wp:featuredmedia":[{"embeddable":true,"href":"https:\/\/basecampvega.no\/en\/wp-json\/wp\/v2\/media\/2819"}],"wp:attachment":[{"href":"https:\/\/basecampvega.no\/en\/wp-json\/wp\/v2\/media?parent=2809"}],"wp:term":[{"taxonomy":"category","embeddable":true,"href":"https:\/\/basecampvega.no\/en\/wp-json\/wp\/v2\/categories?post=2809"},{"taxonomy":"post_tag","embeddable":true,"href":"https:\/\/basecampvega.no\/en\/wp-json\/wp\/v2\/tags?post=2809"}],"curies":[{"name":"wp","href":"https:\/\/api.w.org\/{rel}","templated":true}]}}